{"id":69,"date":"2022-09-30T15:43:09","date_gmt":"2022-09-30T15:43:09","guid":{"rendered":"http:\/\/fewo-graggaber.at\/?p=69"},"modified":"2022-10-01T08:54:24","modified_gmt":"2022-10-01T08:54:24","slug":"schlafzimmer","status":"publish","type":"post","link":"http:\/\/fewo-graggaber.at\/?p=69","title":{"rendered":"Schlafzimmer"},"content":{"rendered":"\n<p>In unserer Ferienwohnung finden sie 2 abgetrennte Schlafzimmer. <br>Im Dachgeschoss befindet sich ein Doppelbett f\u00fcr 2 Personen. Im Kinderzimmer k\u00f6nnen bis zu 4 Personen schlafen. Des Weiteren besteht die M\u00f6glichkeit das Sofa in ein Bett umzuwandeln. <br><\/p>\n\n\n\n<div class=\"is-layout-flow wp-block-group\"><div class=\"wp-block-group__inner-container\">\n<figure class=\"is-layout-flex wp-block-gallery-1 wp-block-gallery has-nested-images columns-default is-cropped\">\n<figure class=\"wp-block-image size-large\"><img decoding=\"async\" loading=\"lazy\" width=\"1024\" height=\"768\" src=\"http:\/\/fewo-graggaber.at\/wp-content\/uploads\/2022\/10\/260162674.jpg\" alt=\"\" class=\"wp-image-183\" srcset=\"http:\/\/fewo-graggaber.at\/wp-content\/uploads\/2022\/10\/260162674.jpg 1024w, http:\/\/fewo-graggaber.at\/wp-content\/uploads\/2022\/10\/260162674-300x225.jpg 300w, http:\/\/fewo-graggaber.at\/wp-content\/uploads\/2022\/10\/260162674-768x576.jpg 768w\" sizes=\"(max-width: 1024px) 100vw, 1024px\" \/><\/figure>\n<\/figure>\n<\/div><\/div>\n\n\n\n<p> <\/p>\n\n\n\n<figure class=\"is-layout-flex wp-block-gallery-4 wp-block-gallery has-nested-images columns-default is-cropped\">\n<figure class=\"wp-block-image size-large\"><img decoding=\"async\" loading=\"lazy\" width=\"1024\" height=\"768\" data-id=\"193\"  src=\"http:\/\/fewo-graggaber.at\/wp-content\/uploads\/2022\/10\/260162665-1.jpg\" alt=\"\" class=\"wp-image-193\" srcset=\"http:\/\/fewo-graggaber.at\/wp-content\/uploads\/2022\/10\/260162665-1.jpg 1024w, http:\/\/fewo-graggaber.at\/wp-content\/uploads\/2022\/10\/260162665-1-300x225.jpg 300w, http:\/\/fewo-graggaber.at\/wp-content\/uploads\/2022\/10\/260162665-1-768x576.jpg 768w\" sizes=\"(max-width: 1024px) 100vw, 1024px\" \/><\/figure>\n<\/figure>\n\n\n\n<p><\/p>\n\n\n\n<figure class=\"is-layout-flex wp-block-gallery-6 wp-block-gallery has-nested-images columns-default is-cropped\">\n<figure class=\"wp-block-image size-large\"><img decoding=\"async\" loading=\"lazy\" width=\"1024\" height=\"768\" data-id=\"194\"  src=\"http:\/\/fewo-graggaber.at\/wp-content\/uploads\/2022\/10\/260162679-1.jpg\" alt=\"\" class=\"wp-image-194\" srcset=\"http:\/\/fewo-graggaber.at\/wp-content\/uploads\/2022\/10\/260162679-1.jpg 1024w, http:\/\/fewo-graggaber.at\/wp-content\/uploads\/2022\/10\/260162679-1-300x225.jpg 300w, http:\/\/fewo-graggaber.at\/wp-content\/uploads\/2022\/10\/260162679-1-768x576.jpg 768w\" sizes=\"(max-width: 1024px) 100vw, 1024px\" \/><\/figure>\n<\/figure>\n\n\n\n<p><\/p>\n","protected":false},"excerpt":{"rendered":"<p>In unserer Ferienwohnung finden sie 2 abgetrennte Schlafzimmer. Im Dachgeschoss befindet sich ein Doppelbett f\u00fcr 2 Personen. Im Kinderzimmer k\u00f6nnen bis zu 4 Personen schlafen. Des Weiteren besteht die M\u00f6glichkeit das Sofa in ein Bett umzuwandeln.<\/p>\n","protected":false},"author":1,"featured_media":0,"comment_status":"closed","ping_status":"closed","sticky":false,"template":"","format":"standard","meta":[],"categories":[10],"tags":[],"_links":{"self":[{"href":"http:\/\/fewo-graggaber.at\/index.php?rest_route=\/wp\/v2\/posts\/69"}],"collection":[{"href":"http:\/\/fewo-graggaber.at\/index.php?rest_route=\/wp\/v2\/posts"}],"about":[{"href":"http:\/\/fewo-graggaber.at\/index.php?rest_route=\/wp\/v2\/types\/post"}],"author":[{"embeddable":true,"href":"http:\/\/fewo-graggaber.at\/index.php?rest_route=\/wp\/v2\/users\/1"}],"replies":[{"embeddable":true,"href":"http:\/\/fewo-graggaber.at\/index.php?rest_route=%2Fwp%2Fv2%2Fcomments&post=69"}],"version-history":[{"count":7,"href":"http:\/\/fewo-graggaber.at\/index.php?rest_route=\/wp\/v2\/posts\/69\/revisions"}],"predecessor-version":[{"id":199,"href":"http:\/\/fewo-graggaber.at\/index.php?rest_route=\/wp\/v2\/posts\/69\/revisions\/199"}],"wp:attachment":[{"href":"http:\/\/fewo-graggaber.at\/index.php?rest_route=%2Fwp%2Fv2%2Fmedia&parent=69"}],"wp:term":[{"taxonomy":"category","embeddable":true,"href":"http:\/\/fewo-graggaber.at\/index.php?rest_route=%2Fwp%2Fv2%2Fcategories&post=69"},{"taxonomy":"post_tag","embeddable":true,"href":"http:\/\/fewo-graggaber.at\/index.php?rest_route=%2Fwp%2Fv2%2Ftags&post=69"}],"curies":[{"name":"wp","href":"https:\/\/api.w.org\/{rel}","templated":true}]}}